{"id":2842,"date":"2024-08-20T10:10:58","date_gmt":"2024-08-20T10:10:58","guid":{"rendered":"https:\/\/sdk.edu.pl\/?p=2842"},"modified":"2024-11-06T14:27:12","modified_gmt":"2024-11-06T14:27:12","slug":"rekrutacja-jesien-2024-2025","status":"publish","type":"post","link":"https:\/\/sdk.edu.pl\/index.php\/2024\/08\/20\/rekrutacja-jesien-2024-2025\/","title":{"rendered":"REKRUTACJA JESIE\u0143 2024\/2025"},"content":{"rendered":"\t\t<div data-elementor-type=\"wp-post\" data-elementor-id=\"2842\" class=\"elementor elementor-2842\">\n\t\t\t\t\t\t\t\t\t<section class=\"elementor-section elementor-top-section elementor-element elementor-element-9fe4a1b elementor-section-boxed elementor-section-height-default elementor-section-height-default\" data-id=\"9fe4a1b\" data-element_type=\"section\">\n\t\t\t\t\t\t<div class=\"elementor-container elementor-column-gap-default\">\n\t\t\t\t\t<div class=\"elementor-column elementor-col-100 elementor-top-column elementor-element elementor-element-2cba181\" data-id=\"2cba181\" data-element_type=\"column\">\n\t\t\t<div class=\"elementor-widget-wrap elementor-element-populated\">\n\t\t\t\t\t\t\t\t<div class=\"elementor-element elementor-element-53ec487 elementor-drop-cap-yes elementor-drop-cap-view-default elementor-widget elementor-widget-text-editor\" data-id=\"53ec487\" data-element_type=\"widget\" data-settings=\"{&quot;drop_cap&quot;:&quot;yes&quot;}\" data-widget_type=\"text-editor.default\">\n\t\t\t\t<div class=\"elementor-widget-container\">\n\t\t\t\t\t\t\t<p><span style=\"color: #800000;\"><b>REKRUTACJA<\/b>&nbsp; w roku akademickim 2024\/ 2025<\/span><\/p>\n<p>Zapraszamy na studia podyplomowe kwalifikacyjne organizowane przez Akademi\u0119 Nauk Stosowanych im. J. Go\u0142uchowskiego.&nbsp;<\/p>\n<p>Cz\u0119\u015b\u0107 kierunk\u00f3w ju\u017c zosta\u0142a uruchomiona! Mo\u017cna jeszcze do\u0142\u0105czy\u0107 do grup.&nbsp;<\/p>\n<ul>\n<li><b>Przygotowanie pedagogiczne do pracy nauczycielskiej (pa\u017adziernik 2024 r.)<\/b><\/li>\n<li><b>Edukacja i rehabilitacja os\u00f3b z niepe\u0142nosprawno\u015bci\u0105 intelektualn\u0105 (oligofrenopedagogika) (pa\u017adziernik 2024 r.)<\/b><\/li>\n<li><b>Edukacja i terapia os\u00f3b z zaburzeniami ze spektrum autyzmu (pa\u017adziernik 2024 r.)<\/b><\/li>\n<li>Edukacja i rehabilitacja os\u00f3b z niepe\u0142nosprawno\u015bci\u0105 s\u0142uchow\u0105 (Surdopedagogika)<\/li>\n<li>Edukacja i rehabilitacja os\u00f3b z niepe\u0142nosprawno\u015bci\u0105 wzrokow\u0105 (Tyflopedagogika)<\/li>\n<li>Edukacja w\u0142\u0105czaj\u0105ca i integracyjna uczni\u00f3w ze specjalnymi potrzebami edukacyjnymi &#8211; PEDAGOG SPECJALNY<\/li>\n<li>Wczesne wspomaganie rozwoju dziecka<\/li>\n<li>Pedagogika korekcyjna (terapia pedagogiczna)<\/li>\n<li>J\u0119zyk angielski w edukacji przedszkolnej i wczesnoszkolnej<\/li>\n<li><b>Logopedia \/rozpocz\u0119cie listopad br.\/<\/b><\/li>\n<li><b>Neurologopedia \/rozpocz\u0119cie listopad br.\/<\/b><\/li>\n<li>Etyka w szkole<\/li>\n<li>Bibliotekoznawstwo i informacja naukowa<\/li>\n<li>Pedagogika opieku\u0144czo &#8211; wychowawcza z terapi\u0105 pedagogiczn\u0105<\/li>\n<li><b>Zarz\u0105dzanie o\u015bwiat\u0105 &#8211; Menad\u017cer o\u015bwiaty \/rozpocz\u0119cie listopad br.\/<\/b><\/li>\n<\/ul>\n<p>Zg\u0142oszenia na studia przyjmujemy telefonicznie pod numerem 663 909 347 i za po\u015brednictwem poczty elektronicznej sdk5@wp.pl<\/p>\n<p>ZAPRASZAMY!&nbsp;<\/p>\t\t\t\t\t\t<\/div>\n\t\t\t\t<\/div>\n\t\t\t\t\t<\/div>\n\t\t<\/div>\n\t\t\t\t\t\t\t<\/div>\n\t\t<\/section>\n\t\t\t\t\t\t\t<\/div>\n\t\t","protected":false},"excerpt":{"rendered":"<p>REKRUTACJA 2023\/2024<br \/>\nRozpocz\u0119cie studi\u00f3w<\/p>\n","protected":false},"author":1,"featured_media":0,"comment_status":"open","ping_status":"open","sticky":false,"template":"","format":"standard","meta":[],"categories":[10],"tags":[],"_links":{"self":[{"href":"https:\/\/sdk.edu.pl\/index.php\/wp-json\/wp\/v2\/posts\/2842"}],"collection":[{"href":"https:\/\/sdk.edu.pl\/index.php\/wp-json\/wp\/v2\/posts"}],"about":[{"href":"https:\/\/sdk.edu.pl\/index.php\/wp-json\/wp\/v2\/types\/post"}],"author":[{"embeddable":true,"href":"https:\/\/sdk.edu.pl\/index.php\/wp-json\/wp\/v2\/users\/1"}],"replies":[{"embeddable":true,"href":"https:\/\/sdk.edu.pl\/index.php\/wp-json\/wp\/v2\/comments?post=2842"}],"version-history":[{"count":7,"href":"https:\/\/sdk.edu.pl\/index.php\/wp-json\/wp\/v2\/posts\/2842\/revisions"}],"predecessor-version":[{"id":2924,"href":"https:\/\/sdk.edu.pl\/index.php\/wp-json\/wp\/v2\/posts\/2842\/revisions\/2924"}],"wp:attachment":[{"href":"https:\/\/sdk.edu.pl\/index.php\/wp-json\/wp\/v2\/media?parent=2842"}],"wp:term":[{"taxonomy":"category","embeddable":true,"href":"https:\/\/sdk.edu.pl\/index.php\/wp-json\/wp\/v2\/categories?post=2842"},{"taxonomy":"post_tag","embeddable":true,"href":"https:\/\/sdk.edu.pl\/index.php\/wp-json\/wp\/v2\/tags?post=2842"}],"curies":[{"name":"wp","href":"https:\/\/api.w.org\/{rel}","templated":true}]}}